{"id":142,"date":"2023-05-22T10:07:05","date_gmt":"2023-05-22T10:07:05","guid":{"rendered":"https:\/\/ampafedacvic.cat\/?p=142"},"modified":"2023-05-22T10:11:12","modified_gmt":"2023-05-22T10:11:12","slug":"mes-de-200-persones-a-la-festa-de-final-de-curs-de-fedac-vic-pare-coll-2022-2023","status":"publish","type":"post","link":"https:\/\/ampafedacvic.cat\/index.php\/2023\/05\/22\/mes-de-200-persones-a-la-festa-de-final-de-curs-de-fedac-vic-pare-coll-2022-2023\/","title":{"rendered":"M\u00e9s de 200 persones a la festa de final de curs de Fedac Vic Pare Coll 2022-2023"},"content":{"rendered":"\n<p><\/p>\n\n\n\n<p>El diumenge, 21 de maig, s\u2019ha celebrat la festa de final de curs de l\u2019escola Fedac Vic Pare Coll, organitzada per l\u2019AMPA.<\/p>\n\n\n\n<ul class=\"wp-block-gallery columns-3 is-cropped wp-block-gallery-1 is-layout-flex wp-block-gallery-is-layout-flex\"><li class=\"blocks-gallery-item\"><figure><img loading=\"lazy\" decoding=\"async\" width=\"1024\" height=\"768\" src=\"https:\/\/ampafedacvic.cat\/wp-content\/uploads\/2023\/05\/WhatsApp-Image-2023-05-21-at-18.45.29-1024x768.jpeg\" alt=\"\" data-id=\"145\" data-link=\"https:\/\/ampafedacvic.cat\/?attachment_id=145\" class=\"wp-image-145\" srcset=\"https:\/\/ampafedacvic.cat\/wp-content\/uploads\/2023\/05\/WhatsApp-Image-2023-05-21-at-18.45.29-1024x768.jpeg 1024w, https:\/\/ampafedacvic.cat\/wp-content\/uploads\/2023\/05\/WhatsApp-Image-2023-05-21-at-18.45.29-300x225.jpeg 300w, https:\/\/ampafedacvic.cat\/wp-content\/uploads\/2023\/05\/WhatsApp-Image-2023-05-21-at-18.45.29-768x576.jpeg 768w, https:\/\/ampafedacvic.cat\/wp-content\/uploads\/2023\/05\/WhatsApp-Image-2023-05-21-at-18.45.29-360x270.jpeg 360w, https:\/\/ampafedacvic.cat\/wp-content\/uploads\/2023\/05\/WhatsApp-Image-2023-05-21-at-18.45.29.jpeg 2048w\" sizes=\"auto, (max-width: 1024px) 100vw, 1024px\" \/><\/figure><\/li><li class=\"blocks-gallery-item\"><figure><img loading=\"lazy\" decoding=\"async\" width=\"768\" height=\"1024\" src=\"https:\/\/ampafedacvic.cat\/wp-content\/uploads\/2023\/05\/WhatsApp-Image-2023-05-21-at-18.45.28-768x1024.jpeg\" alt=\"\" data-id=\"146\" data-link=\"https:\/\/ampafedacvic.cat\/?attachment_id=146\" class=\"wp-image-146\" srcset=\"https:\/\/ampafedacvic.cat\/wp-content\/uploads\/2023\/05\/WhatsApp-Image-2023-05-21-at-18.45.28-768x1024.jpeg 768w, https:\/\/ampafedacvic.cat\/wp-content\/uploads\/2023\/05\/WhatsApp-Image-2023-05-21-at-18.45.28-225x300.jpeg 225w, https:\/\/ampafedacvic.cat\/wp-content\/uploads\/2023\/05\/WhatsApp-Image-2023-05-21-at-18.45.28-203x270.jpeg 203w, https:\/\/ampafedacvic.cat\/wp-content\/uploads\/2023\/05\/WhatsApp-Image-2023-05-21-at-18.45.28.jpeg 1536w\" sizes=\"auto, (max-width: 768px) 100vw, 768px\" \/><\/figure><\/li><li class=\"blocks-gallery-item\"><figure><img loading=\"lazy\" decoding=\"async\" width=\"1024\" height=\"718\" src=\"https:\/\/ampafedacvic.cat\/wp-content\/uploads\/2023\/05\/WhatsApp-Image-2023-05-21-at-20.08.16-1024x718.jpeg\" alt=\"\" data-id=\"147\" data-link=\"https:\/\/ampafedacvic.cat\/?attachment_id=147\" class=\"wp-image-147\" srcset=\"https:\/\/ampafedacvic.cat\/wp-content\/uploads\/2023\/05\/WhatsApp-Image-2023-05-21-at-20.08.16-1024x718.jpeg 1024w, https:\/\/ampafedacvic.cat\/wp-content\/uploads\/2023\/05\/WhatsApp-Image-2023-05-21-at-20.08.16-300x210.jpeg 300w, https:\/\/ampafedacvic.cat\/wp-content\/uploads\/2023\/05\/WhatsApp-Image-2023-05-21-at-20.08.16-768x538.jpeg 768w, https:\/\/ampafedacvic.cat\/wp-content\/uploads\/2023\/05\/WhatsApp-Image-2023-05-21-at-20.08.16-385x270.jpeg 385w, https:\/\/ampafedacvic.cat\/wp-content\/uploads\/2023\/05\/WhatsApp-Image-2023-05-21-at-20.08.16.jpeg 1402w\" sizes=\"auto, (max-width: 1024px) 100vw, 1024px\" \/><\/figure><\/li><li class=\"blocks-gallery-item\"><figure><img loading=\"lazy\" decoding=\"async\" width=\"1024\" height=\"1024\" src=\"https:\/\/ampafedacvic.cat\/wp-content\/uploads\/2023\/05\/WhatsApp-Image-2023-05-21-at-11.17.33.jpeg\" alt=\"\" data-id=\"148\" data-link=\"https:\/\/ampafedacvic.cat\/?attachment_id=148\" class=\"wp-image-148\" srcset=\"https:\/\/ampafedacvic.cat\/wp-content\/uploads\/2023\/05\/WhatsApp-Image-2023-05-21-at-11.17.33.jpeg 1024w, https:\/\/ampafedacvic.cat\/wp-content\/uploads\/2023\/05\/WhatsApp-Image-2023-05-21-at-11.17.33-150x150.jpeg 150w, https:\/\/ampafedacvic.cat\/wp-content\/uploads\/2023\/05\/WhatsApp-Image-2023-05-21-at-11.17.33-300x300.jpeg 300w, https:\/\/ampafedacvic.cat\/wp-content\/uploads\/2023\/05\/WhatsApp-Image-2023-05-21-at-11.17.33-768x768.jpeg 768w, https:\/\/ampafedacvic.cat\/wp-content\/uploads\/2023\/05\/WhatsApp-Image-2023-05-21-at-11.17.33-270x270.jpeg 270w\" sizes=\"auto, (max-width: 1024px) 100vw, 1024px\" \/><\/figure><\/li><li class=\"blocks-gallery-item\"><figure><img loading=\"lazy\" decoding=\"async\" width=\"768\" height=\"1024\" src=\"https:\/\/ampafedacvic.cat\/wp-content\/uploads\/2023\/05\/WhatsApp-Image-2023-05-21-at-18.46.40-1-768x1024.jpeg\" alt=\"\" data-id=\"152\" data-link=\"https:\/\/ampafedacvic.cat\/index.php\/2023\/05\/22\/mes-de-200-persones-a-la-festa-de-final-de-curs-de-fedac-vic-pare-coll-2022-2023\/whatsapp-image-2023-05-21-at-18-46-40-2\/\" class=\"wp-image-152\" srcset=\"https:\/\/ampafedacvic.cat\/wp-content\/uploads\/2023\/05\/WhatsApp-Image-2023-05-21-at-18.46.40-1.jpeg 768w, https:\/\/ampafedacvic.cat\/wp-content\/uploads\/2023\/05\/WhatsApp-Image-2023-05-21-at-18.46.40-1-225x300.jpeg 225w, https:\/\/ampafedacvic.cat\/wp-content\/uploads\/2023\/05\/WhatsApp-Image-2023-05-21-at-18.46.40-1-203x270.jpeg 203w\" sizes=\"auto, (max-width: 768px) 100vw, 768px\" \/><\/figure><\/li><\/ul>\n\n\n\n<p>M\u00e9s de 200 persones s\u2019han aplegat al pati de l\u2019escola <a href=\"https:\/\/vic.fedac.cat\/\">Fedac Vic Pare Coll<\/a>, a la festa de final de curs. Durant el mat\u00ed, les activitats matinals amb jocs gegants han estat molt participades pels m\u00e9s petits de l\u2019escola, tot i la pluja intermitent, i despr\u00e9s s\u2019ha fet un dinar popular. Tot seguit, s\u2019ha fet un quinto que ha comptat amb la col\u00b7laboraci\u00f3 d\u2019establiments de Vic, que han fet diverses aportacions: <a href=\"https:\/\/botiga.superverd.es\/ca\/?gclid=CjwKCAjwpayjBhAnEiwA-7ena7rW_SMMiy7Gd0wtMLfY1qlYjymlZbIhvhVC5RdYxN0bOScDKM3ghhoCl4cQAvD_BwE\">Superverd<\/a>, <a href=\"https:\/\/www.atmosferasport.es\/?gad=1&amp;gclid=CjwKCAjwpayjBhAnEiwA-7enayBD1aA11GAJaMR9ycfnExkI2MkkUsUTb5zJ8LNJOWmZM8PQsAawGRoCF9gQAvD_BwE\">Atmosfera Sport Vic<\/a>, <a href=\"https:\/\/www.ganiveteriaalba.com\/ca\/tag\/vic\/\">Ganiveteria Alba<\/a>, Xarcuteries <a href=\"https:\/\/www.girbaualiment.com\">Girbau<\/a>, <a href=\"https:\/\/www.bonpreuesclat.cat\/\">Bonpreu Esclat<\/a>, electrodom\u00e8stics <a href=\"https:\/\/www.isernelectrodomestics.com\/\">Isern<\/a>, floristeria <a href=\"https:\/\/www.elgallaret.com\/\">El Gallaret<\/a>, llibreria <a href=\"https:\/\/www.mater.cat\/\">Mater<\/a> i <a href=\"https:\/\/www.pavic.cat\/\">Pa Vic<\/a>.<\/p>\n\n\n\n<p>La festa, que feia alguns anys que no es convocava perqu\u00e8 es va deixar de fer a l\u2019\u00e8poca de pand\u00e8mia, s\u2019ha tornat a recuperar amb l\u2019objectiu de celebrar-la anualment, ja que \u00e9s una bona ocasi\u00f3 per passar una diada l\u00fadica i informal amb tota la comunitat educativa.<\/p>\n\n\n\n<p>L\u2019AMPA Fedac Vic Pare Coll vol agrair la col\u00b7laboraci\u00f3 de les fam\u00edlies, el professorat de l\u2019escola i les seves fam\u00edlies, el personal de l\u2019escola i els alumnes de 4t d\u2019ESO que han contribu\u00eft al muntatge, desmuntatge, servei de bar, entre d\u2019altres&#8230; Finalment, tamb\u00e9 agraeix la col\u00b7laboraci\u00f3 de l\u2019<a href=\"https:\/\/www.vic.cat\/serveis\/educacio\">\u00e0rea d\u2019Educaci\u00f3 de l\u2019Ajuntament de Vic.<\/a><\/p>\n","protected":false},"excerpt":{"rendered":"<p>El diumenge, 21 de maig, s\u2019ha celebrat la festa de final de curs de l\u2019escola Fedac Vic Pare Coll, organitzada per l\u2019AMPA. M\u00e9s de 200 persones s\u2019han aplegat al pati de l\u2019escola Fedac Vic Pare Coll, a la festa de final de curs. Durant el mat\u00ed, les activitats matinals amb jocs gegants han estat molt [&hellip;]<\/p>\n","protected":false},"author":1,"featured_media":0,"comment_status":"open","ping_status":"open","sticky":false,"template":"","format":"standard","meta":{"footnotes":""},"categories":[1],"tags":[],"class_list":["post-142","post","type-post","status-publish","format-standard","hentry","category-noticies"],"_links":{"self":[{"href":"https:\/\/ampafedacvic.cat\/index.php\/wp-json\/wp\/v2\/posts\/142","targetHints":{"allow":["GET"]}}],"collection":[{"href":"https:\/\/ampafedacvic.cat\/index.php\/wp-json\/wp\/v2\/posts"}],"about":[{"href":"https:\/\/ampafedacvic.cat\/index.php\/wp-json\/wp\/v2\/types\/post"}],"author":[{"embeddable":true,"href":"https:\/\/ampafedacvic.cat\/index.php\/wp-json\/wp\/v2\/users\/1"}],"replies":[{"embeddable":true,"href":"https:\/\/ampafedacvic.cat\/index.php\/wp-json\/wp\/v2\/comments?post=142"}],"version-history":[{"count":7,"href":"https:\/\/ampafedacvic.cat\/index.php\/wp-json\/wp\/v2\/posts\/142\/revisions"}],"predecessor-version":[{"id":159,"href":"https:\/\/ampafedacvic.cat\/index.php\/wp-json\/wp\/v2\/posts\/142\/revisions\/159"}],"wp:attachment":[{"href":"https:\/\/ampafedacvic.cat\/index.php\/wp-json\/wp\/v2\/media?parent=142"}],"wp:term":[{"taxonomy":"category","embeddable":true,"href":"https:\/\/ampafedacvic.cat\/index.php\/wp-json\/wp\/v2\/categories?post=142"},{"taxonomy":"post_tag","embeddable":true,"href":"https:\/\/ampafedacvic.cat\/index.php\/wp-json\/wp\/v2\/tags?post=142"}],"curies":[{"name":"wp","href":"https:\/\/api.w.org\/{rel}","templated":true}]}}